{"id":2603,"date":"2023-01-01T15:42:22","date_gmt":"2023-01-01T14:42:22","guid":{"rendered":"https:\/\/www.broehan-museum.de\/en\/?p=2603"},"modified":"2025-02-20T12:37:54","modified_gmt":"2025-02-20T11:37:54","slug":"hej-rup-the-czech-avant-garde-in-the-context-of-european-modernism","status":"publish","type":"post","link":"https:\/\/www.broehan-museum.de\/en\/exhibition\/hej-rup-the-czech-avant-garde-in-the-context-of-european-modernism\/","title":{"rendered":"Hej rup! The Czech Avant-Garde"},"content":{"rendered":"\n<p class=\"wp-block-paragraph\">In 1918, a new democratic state was founded in Europe: Czechoslovakia. In the years that followed, a general spirit of optimism quickly spread: artists from almost all fields developed visionary ideas, which they were also able to realize due to the rapid economic upswing. In the interwar period, Czechoslovakia played a decisive role, especially in progressive and modern building. The lively exchange of the Czech art scene with foreign countries stands out in particular. The Czech avant-garde movement infused not only the visual arts, i.e. painting, sculpture, graphics, photography and design, but also architecture, literature, poetry, music, theater and film. The exhibition at the Br\u00f6han Museum aims to highlight the international significance of the Czech avant-garde movement and to connect the different fields in which new creative ideas spread.<\/p>\n\n\n\n<p class=\"wp-block-paragraph\"><\/p>\n\n\n\n<p class=\"wp-block-paragraph\">Advertising motif: Karel Teige\/Karel Paspa\/ V\u00edte\u017eslav Nezval\/ Mil\u010da Mayerov\u00e1: letters of the \u201eAbeceda\u201c, 1926, Museum of Czech Literature, Prague. Karel E. Ort: armchair, c. 1931, Br\u00f6han Museum, Berlin. photo: Colya Zucker. Design: Gerwin Schmidt, 2023<\/p>\n\n\n\n<figure class=\"wp-block-gallery has-nested-images columns-default is-cropped slider wp-block-gallery-1 is-layout-flex wp-block-gallery-is-layout-flex\">\n<figure class=\"wp-block-image size-large slider\"><a href=\"https:\/\/www.broehan-museum.de\/en\/wp-content\/uploads\/Kat_Text_Pravodva_Kunsthalle_1_Janousek_Pilger.jpg\"><img loading=\"lazy\" decoding=\"async\" width=\"1600\" height=\"1192\" data-id=\"2635\" src=\"https:\/\/www.broehan-museum.de\/en\/wp-content\/uploads\/Kat_Text_Pravodva_Kunsthalle_1_Janousek_Pilger.jpg\" alt=\"\" class=\"wp-image-2635\" srcset=\"https:\/\/www.broehan-museum.de\/en\/wp-content\/uploads\/Kat_Text_Pravodva_Kunsthalle_1_Janousek_Pilger.jpg 1600w, https:\/\/www.broehan-museum.de\/en\/wp-content\/uploads\/Kat_Text_Pravodva_Kunsthalle_1_Janousek_Pilger-300x224.jpg 300w, https:\/\/www.broehan-museum.de\/en\/wp-content\/uploads\/Kat_Text_Pravodva_Kunsthalle_1_Janousek_Pilger-1024x763.jpg 1024w, https:\/\/www.broehan-museum.de\/en\/wp-content\/uploads\/Kat_Text_Pravodva_Kunsthalle_1_Janousek_Pilger-768x572.jpg 768w, https:\/\/www.broehan-museum.de\/en\/wp-content\/uploads\/Kat_Text_Pravodva_Kunsthalle_1_Janousek_Pilger-1536x1144.jpg 1536w\" sizes=\"auto, (max-width: 1600px) 100vw, 1600px\" \/><\/a><figcaption class=\"wp-element-caption\">Franti\u0161ek Janou\u0161ek, Pilger, 1935, Kunsthalle Praha<\/figcaption><\/figure>\n\n\n\n<figure class=\"wp-block-image size-large\"><a href=\"https:\/\/www.broehan-museum.de\/en\/wp-content\/uploads\/2.003.jpeg\"><img loading=\"lazy\" decoding=\"async\" width=\"1600\" height=\"1157\" data-id=\"2627\" src=\"https:\/\/www.broehan-museum.de\/en\/wp-content\/uploads\/2.003.jpeg\" alt=\"\" class=\"wp-image-2627\" srcset=\"https:\/\/www.broehan-museum.de\/en\/wp-content\/uploads\/2.003.jpeg 1600w, https:\/\/www.broehan-museum.de\/en\/wp-content\/uploads\/2.003-300x217.jpeg 300w, https:\/\/www.broehan-museum.de\/en\/wp-content\/uploads\/2.003-1024x740.jpeg 1024w, https:\/\/www.broehan-museum.de\/en\/wp-content\/uploads\/2.003-768x555.jpeg 768w, https:\/\/www.broehan-museum.de\/en\/wp-content\/uploads\/2.003-1536x1111.jpeg 1536w\" sizes=\"auto, (max-width: 1600px) 100vw, 1600px\" \/><\/a><figcaption class=\"wp-element-caption\">Ji\u0159\u00ed Kroha, Ohne Titel (Wohninterieur mit St\u00fchlen und Leuchte), Haus Kroha, Br\u00fcnn, ca. 1931, Arkudes Foundation \u00a9 VG Bild-Kunst, Bonn 2023<\/figcaption><\/figure>\n\n\n\n<figure class=\"wp-block-image size-large\"><a href=\"https:\/\/www.broehan-museum.de\/en\/wp-content\/uploads\/2G4A2484.jpg\"><img loading=\"lazy\" decoding=\"async\" width=\"1067\" height=\"1600\" data-id=\"2626\" src=\"https:\/\/www.broehan-museum.de\/en\/wp-content\/uploads\/2G4A2484.jpg\" alt=\"\" class=\"wp-image-2626\" srcset=\"https:\/\/www.broehan-museum.de\/en\/wp-content\/uploads\/2G4A2484.jpg 1067w, https:\/\/www.broehan-museum.de\/en\/wp-content\/uploads\/2G4A2484-200x300.jpg 200w, https:\/\/www.broehan-museum.de\/en\/wp-content\/uploads\/2G4A2484-683x1024.jpg 683w, https:\/\/www.broehan-museum.de\/en\/wp-content\/uploads\/2G4A2484-768x1152.jpg 768w, https:\/\/www.broehan-museum.de\/en\/wp-content\/uploads\/2G4A2484-1024x1536.jpg 1024w\" sizes=\"auto, (max-width: 1067px) 100vw, 1067px\" \/><\/a><figcaption class=\"wp-element-caption\">Metallm\u00f6belfabrik Robert Slez\u00e1k, Byst\u0159ice pod Host\u00fdnem (Ausf\u00fcrhrung), Werkentwurf, Stehleuchte mit Tisch, urspr\u00fcnglich mit Stoffschirm, um 1930, Br\u00f6han Museum, Berlin<\/figcaption><\/figure>\n\n\n\n<figure class=\"wp-block-image size-large\"><a href=\"https:\/\/www.broehan-museum.de\/en\/wp-content\/uploads\/jmb_Abeceda_E2.jpg\"><img loading=\"lazy\" decoding=\"async\" width=\"1267\" height=\"1600\" data-id=\"2625\" src=\"https:\/\/www.broehan-museum.de\/en\/wp-content\/uploads\/jmb_Abeceda_E2.jpg\" alt=\"\" class=\"wp-image-2625\" srcset=\"https:\/\/www.broehan-museum.de\/en\/wp-content\/uploads\/jmb_Abeceda_E2.jpg 1267w, https:\/\/www.broehan-museum.de\/en\/wp-content\/uploads\/jmb_Abeceda_E2-238x300.jpg 238w, https:\/\/www.broehan-museum.de\/en\/wp-content\/uploads\/jmb_Abeceda_E2-811x1024.jpg 811w, https:\/\/www.broehan-museum.de\/en\/wp-content\/uploads\/jmb_Abeceda_E2-768x970.jpg 768w, https:\/\/www.broehan-museum.de\/en\/wp-content\/uploads\/jmb_Abeceda_E2-1216x1536.jpg 1216w\" sizes=\"auto, (max-width: 1267px) 100vw, 1267px\" \/><\/a><figcaption class=\"wp-element-caption\">Karel Teige (Typografie), Karel Paspa (Fotografie), V\u00edt\u011bzslav Nezval (Text), Mil\u010da Mayerov\u00e1 (Tanz), Buchstabe E aus dem \u201eAbeceda\u201c, 1926, Museum der tschechischen Literatur, Prag<\/figcaption><\/figure>\n\n\n\n<figure class=\"wp-block-image size-large\"><a href=\"https:\/\/www.broehan-museum.de\/en\/wp-content\/uploads\/Kat_Text_Edelmann_Text_Fiedler_Teppich_Kybal.jpg\"><img loading=\"lazy\" decoding=\"async\" width=\"1153\" height=\"1600\" data-id=\"2624\" src=\"https:\/\/www.broehan-museum.de\/en\/wp-content\/uploads\/Kat_Text_Edelmann_Text_Fiedler_Teppich_Kybal.jpg\" alt=\"\" class=\"wp-image-2624\" srcset=\"https:\/\/www.broehan-museum.de\/en\/wp-content\/uploads\/Kat_Text_Edelmann_Text_Fiedler_Teppich_Kybal.jpg 1153w, https:\/\/www.broehan-museum.de\/en\/wp-content\/uploads\/Kat_Text_Edelmann_Text_Fiedler_Teppich_Kybal-216x300.jpg 216w, https:\/\/www.broehan-museum.de\/en\/wp-content\/uploads\/Kat_Text_Edelmann_Text_Fiedler_Teppich_Kybal-738x1024.jpg 738w, https:\/\/www.broehan-museum.de\/en\/wp-content\/uploads\/Kat_Text_Edelmann_Text_Fiedler_Teppich_Kybal-768x1066.jpg 768w, https:\/\/www.broehan-museum.de\/en\/wp-content\/uploads\/Kat_Text_Edelmann_Text_Fiedler_Teppich_Kybal-1107x1536.jpg 1107w\" sizes=\"auto, (max-width: 1153px) 100vw, 1153px\" \/><\/a><figcaption class=\"wp-element-caption\">Josef M\u00edsteck\u00fd, Teppich aus der Villa M\u00edsteck\u00fd in Poli\u010dn\u00e1, 1931, galerie ulrich fiedler, Berlin<\/figcaption><\/figure>\n\n\n\n<figure class=\"wp-block-image size-large\"><a href=\"https:\/\/www.broehan-museum.de\/en\/wp-content\/uploads\/jmb_Teig_1.jpg\"><img loading=\"lazy\" decoding=\"async\" width=\"1181\" height=\"1600\" data-id=\"2623\" src=\"https:\/\/www.broehan-museum.de\/en\/wp-content\/uploads\/jmb_Teig_1.jpg\" alt=\"\" class=\"wp-image-2623\" srcset=\"https:\/\/www.broehan-museum.de\/en\/wp-content\/uploads\/jmb_Teig_1.jpg 1181w, https:\/\/www.broehan-museum.de\/en\/wp-content\/uploads\/jmb_Teig_1-221x300.jpg 221w, https:\/\/www.broehan-museum.de\/en\/wp-content\/uploads\/jmb_Teig_1-756x1024.jpg 756w, https:\/\/www.broehan-museum.de\/en\/wp-content\/uploads\/jmb_Teig_1-768x1040.jpg 768w, https:\/\/www.broehan-museum.de\/en\/wp-content\/uploads\/jmb_Teig_1-1134x1536.jpg 1134w\" sizes=\"auto, (max-width: 1181px) 100vw, 1181px\" \/><\/a><figcaption class=\"wp-element-caption\">Karel Teige, Collage No. 142, 1940, Museum der tschechischen Literatur, Prag<\/figcaption><\/figure>\n\n\n\n<figure class=\"wp-block-image size-large\"><a href=\"https:\/\/www.broehan-museum.de\/en\/wp-content\/uploads\/Text_Burkhardt_Kat_O-10975@_F01_-_A3_2023_Ritterova.jpg\"><img loading=\"lazy\" decoding=\"async\" width=\"1600\" height=\"1188\" data-id=\"2622\" src=\"https:\/\/www.broehan-museum.de\/en\/wp-content\/uploads\/Text_Burkhardt_Kat_O-10975@_F01_-_A3_2023_Ritterova.jpg\" alt=\"\" class=\"wp-image-2622\" srcset=\"https:\/\/www.broehan-museum.de\/en\/wp-content\/uploads\/Text_Burkhardt_Kat_O-10975@_F01_-_A3_2023_Ritterova.jpg 1600w, https:\/\/www.broehan-museum.de\/en\/wp-content\/uploads\/Text_Burkhardt_Kat_O-10975@_F01_-_A3_2023_Ritterova-300x223.jpg 300w, https:\/\/www.broehan-museum.de\/en\/wp-content\/uploads\/Text_Burkhardt_Kat_O-10975@_F01_-_A3_2023_Ritterova-1024x760.jpg 1024w, https:\/\/www.broehan-museum.de\/en\/wp-content\/uploads\/Text_Burkhardt_Kat_O-10975@_F01_-_A3_2023_Ritterova-768x570.jpg 768w, https:\/\/www.broehan-museum.de\/en\/wp-content\/uploads\/Text_Burkhardt_Kat_O-10975@_F01_-_A3_2023_Ritterova-1536x1140.jpg 1536w\" sizes=\"auto, (max-width: 1600px) 100vw, 1600px\" \/><\/a><figcaption class=\"wp-element-caption\">Franti\u0161ek Muzika, Landschaft, 1929 \u00a9 National Gallery Prague 2023<\/figcaption><\/figure>\n\n\n\n<figure class=\"wp-block-image size-large\"><a href=\"https:\/\/www.broehan-museum.de\/en\/wp-content\/uploads\/Text_Edelmann_Img103312_A4.jpg\"><img loading=\"lazy\" decoding=\"async\" width=\"1067\" height=\"1600\" data-id=\"2621\" src=\"https:\/\/www.broehan-museum.de\/en\/wp-content\/uploads\/Text_Edelmann_Img103312_A4.jpg\" alt=\"\" class=\"wp-image-2621\" srcset=\"https:\/\/www.broehan-museum.de\/en\/wp-content\/uploads\/Text_Edelmann_Img103312_A4.jpg 1067w, https:\/\/www.broehan-museum.de\/en\/wp-content\/uploads\/Text_Edelmann_Img103312_A4-200x300.jpg 200w, https:\/\/www.broehan-museum.de\/en\/wp-content\/uploads\/Text_Edelmann_Img103312_A4-683x1024.jpg 683w, https:\/\/www.broehan-museum.de\/en\/wp-content\/uploads\/Text_Edelmann_Img103312_A4-768x1152.jpg 768w, https:\/\/www.broehan-museum.de\/en\/wp-content\/uploads\/Text_Edelmann_Img103312_A4-1024x1536.jpg 1024w\" sizes=\"auto, (max-width: 1067px) 100vw, 1067px\" \/><\/a><figcaption class=\"wp-element-caption\">Franti\u0161ek Muzika, Landschaft, 1929 \u00a9 National Gallery Prague 2023<\/figcaption><\/figure>\n\n\n\n<figure class=\"wp-block-image size-large\"><a href=\"https:\/\/www.broehan-museum.de\/en\/wp-content\/uploads\/2G4A2067.jpg\"><img loading=\"lazy\" decoding=\"async\" width=\"1600\" height=\"1067\" data-id=\"2620\" src=\"https:\/\/www.broehan-museum.de\/en\/wp-content\/uploads\/2G4A2067.jpg\" alt=\"\" class=\"wp-image-2620\" srcset=\"https:\/\/www.broehan-museum.de\/en\/wp-content\/uploads\/2G4A2067.jpg 1600w, https:\/\/www.broehan-museum.de\/en\/wp-content\/uploads\/2G4A2067-300x200.jpg 300w, https:\/\/www.broehan-museum.de\/en\/wp-content\/uploads\/2G4A2067-1024x683.jpg 1024w, https:\/\/www.broehan-museum.de\/en\/wp-content\/uploads\/2G4A2067-768x512.jpg 768w, https:\/\/www.broehan-museum.de\/en\/wp-content\/uploads\/2G4A2067-1536x1024.jpg 1536w\" sizes=\"auto, (max-width: 1600px) 100vw, 1600px\" \/><\/a><figcaption class=\"wp-element-caption\">Ladislav Sutnar, Teeservice, 1928, Ausf\u00fchrung: EPIAG (Erste Porzellan-Industrie AG), Loket, Br\u00f6han Museum, Berlin, Foto: Colya Zucker<\/figcaption><\/figure>\n\n\n\n<figure class=\"wp-block-image size-large\"><a href=\"https:\/\/www.broehan-museum.de\/en\/wp-content\/uploads\/Text_Janatkova_KROHAJ_PZ_27.001.jpg\"><img loading=\"lazy\" decoding=\"async\" width=\"1600\" height=\"1029\" data-id=\"2619\" src=\"https:\/\/www.broehan-museum.de\/en\/wp-content\/uploads\/Text_Janatkova_KROHAJ_PZ_27.001.jpg\" alt=\"\" class=\"wp-image-2619\" srcset=\"https:\/\/www.broehan-museum.de\/en\/wp-content\/uploads\/Text_Janatkova_KROHAJ_PZ_27.001.jpg 1600w, https:\/\/www.broehan-museum.de\/en\/wp-content\/uploads\/Text_Janatkova_KROHAJ_PZ_27.001-300x193.jpg 300w, https:\/\/www.broehan-museum.de\/en\/wp-content\/uploads\/Text_Janatkova_KROHAJ_PZ_27.001-1024x659.jpg 1024w, https:\/\/www.broehan-museum.de\/en\/wp-content\/uploads\/Text_Janatkova_KROHAJ_PZ_27.001-768x494.jpg 768w, https:\/\/www.broehan-museum.de\/en\/wp-content\/uploads\/Text_Janatkova_KROHAJ_PZ_27.001-1536x988.jpg 1536w\" sizes=\"auto, (max-width: 1600px) 100vw, 1600px\" \/><\/a><figcaption class=\"wp-element-caption\">Ji\u0159\u00ed Kroha, Nordb\u00f6hmische Ausstellungshalle, ca. 1928, Arkudes Foundation \u00a9 VG Bild-Kunst, Bonn 2023<\/figcaption><\/figure>\n<\/figure>\n","protected":false},"excerpt":{"rendered":"<p>In 1918, a new democratic state was founded in Europe: Czechoslovakia. In the years that followed, a general spirit of optimism quickly spread: artists from almost all fields developed visionary ideas, which they were also able to realize due to the rapid economic upswing. In the interwar period, Czechoslovakia played<span>&#8230;<\/span><\/p>\n","protected":false},"author":3,"featured_media":2647,"comment_status":"closed","ping_status":"closed","sticky":false,"template":"","format":"standard","meta":{"footnotes":""},"categories":[1],"tags":[],"class_list":["post-2603","post","type-post","status-publish","format-standard","has-post-thumbnail","hentry","category-exhibition"],"_links":{"self":[{"href":"https:\/\/www.broehan-museum.de\/en\/wp-json\/wp\/v2\/posts\/2603","targetHints":{"allow":["GET"]}}],"collection":[{"href":"https:\/\/www.broehan-museum.de\/en\/wp-json\/wp\/v2\/posts"}],"about":[{"href":"https:\/\/www.broehan-museum.de\/en\/wp-json\/wp\/v2\/types\/post"}],"author":[{"embeddable":true,"href":"https:\/\/www.broehan-museum.de\/en\/wp-json\/wp\/v2\/users\/3"}],"replies":[{"embeddable":true,"href":"https:\/\/www.broehan-museum.de\/en\/wp-json\/wp\/v2\/comments?post=2603"}],"version-history":[{"count":9,"href":"https:\/\/www.broehan-museum.de\/en\/wp-json\/wp\/v2\/posts\/2603\/revisions"}],"predecessor-version":[{"id":3348,"href":"https:\/\/www.broehan-museum.de\/en\/wp-json\/wp\/v2\/posts\/2603\/revisions\/3348"}],"wp:featuredmedia":[{"embeddable":true,"href":"https:\/\/www.broehan-museum.de\/en\/wp-json\/wp\/v2\/media\/2647"}],"wp:attachment":[{"href":"https:\/\/www.broehan-museum.de\/en\/wp-json\/wp\/v2\/media?parent=2603"}],"wp:term":[{"taxonomy":"category","embeddable":true,"href":"https:\/\/www.broehan-museum.de\/en\/wp-json\/wp\/v2\/categories?post=2603"},{"taxonomy":"post_tag","embeddable":true,"href":"https:\/\/www.broehan-museum.de\/en\/wp-json\/wp\/v2\/tags?post=2603"}],"curies":[{"name":"wp","href":"https:\/\/api.w.org\/{rel}","templated":true}]}}