{"id":2080,"date":"2025-05-01T10:05:26","date_gmt":"2025-05-01T08:05:26","guid":{"rendered":"https:\/\/www.broehan-museum.de\/broehan-blog\/?p=2080"},"modified":"2026-02-11T12:35:59","modified_gmt":"2026-02-11T11:35:59","slug":"zum-100-geburtstag-erinnern-wir-an-den-kuenstler-almir-da-silva-mavignier","status":"publish","type":"post","link":"https:\/\/www.broehan-museum.de\/broehan-blog\/2025\/05\/01\/zum-100-geburtstag-erinnern-wir-an-den-kuenstler-almir-da-silva-mavignier\/","title":{"rendered":"Zum 100. Geburtstag erinnern wir an den K\u00fcnstler Almir da Silva Mavignier"},"content":{"rendered":"\n<p class=\"wp-block-paragraph\">Zum 100. Geburtstag erinnern wir an den gro\u00dfartigen K\u00fcnstler Almir da Silva Mavignier. Ein vision\u00e4rer K\u00fcnstler und Pionier der Konkreten Kunst und Op-Art, der mit seinen Werken die Kunstwelt nachhaltig beeinflusst hat.<\/p>\n\n\n\n<p class=\"wp-block-paragraph\">Geboren in Brasilien, lebte und wirkte er \u00fcber Jahrzehnte hinweg in Deutschland. Mit seinen einzigartigen Kompositionen, die klare Linien, Farben und Strukturen miteinander verbinden, setzte Mavignier neue Ma\u00dfst\u00e4be f\u00fcr die abstrakte Kunst und entwickelte einen unverwechselbaren, eigenen Stil. Seine Werke waren weltweit in bedeutenden Ausstellungen vertreten \u2013 darunter die <em>documenta<\/em> und die Biennale.<\/p>\n\n\n\n<p class=\"wp-block-paragraph\">Seine k\u00fcnstlerische Reise begann mit einem Malereistudium und einem Atelier in einer psychiatrischen Klinik in Rio de Janeiro. Im Januar 1949 entstand sein erstes abstraktes Gem\u00e4lde, und nur zwei Jahre sp\u00e4ter hatte er seine erste Einzelausstellung im renommierten Museu de Arte Moderna de S\u00e3o Paulo. Im selben Jahr zog er nach Paris, wo er sich der Konkreten Kunst zuwandte.<\/p>\n\n\n\n<p class=\"wp-block-paragraph\">1953 entschied Mavignier, nach Ulm zu ziehen, um an der neu gegr\u00fcndeten Hochschule f\u00fcr Gestaltung Visuelle Kommunikation zu studieren. Hier entstanden seine ersten \u201ePunktbilder\u201c und er widmete sich zunehmend der Op-Art. Ab 1958 arbeitete er mit der neu gegr\u00fcndeten D\u00fcsseldorfer K\u00fcnstlergruppe ZERO zusammen und war als Mitorganisator und Kurator an der ersten Ausstellung der sich aus verschiedenen internationalen avantgardistischen K\u00fcnstlergruppen zusammensetzenden Bewegung Neue Tendenzen in Zagreb beteiligt. 1959 gr\u00fcndete er sein eigenes Atelier in Ulm, in dem er als Maler wie auch Grafiker t\u00e4tig war. Ab 1965 hatte er eine Professur f\u00fcr Malerei an der HFBK in Hamburg, arbeitete aber gleichzeitig auch weiterhin als Plakatgestalter. Grafikdesign sah er als ebenso wichtigen Ausdruck seiner Kunst wie die Malerei.<\/p>\n\n\n\n<p class=\"wp-block-paragraph\">Seine Werke sind ein faszinierendes Zusammenspiel aus Struktur und Freiheit, welche die Betrachtenden einladen, immer tiefer in die Welt der Formen und Farben einzutauchen. Bis heute sind sie eine unersch\u00f6pfliche Quelle der Inspiration.<\/p>\n\n\n\n<p class=\"wp-block-paragraph\">Text: Fadila Yassouf <\/p>\n","protected":false},"excerpt":{"rendered":"<p>Zum 100. Geburtstag erinnern wir an den gro\u00dfartigen K\u00fcnstler Almir da Silva Mavignier. Ein vision\u00e4rer K\u00fcnstler und Pionier der Konkreten Kunst und Op-Art, der mit seinen Werken die Kunstwelt nachhaltig beeinflusst hat. Geboren in Brasilien, lebte und wirkte er \u00fcber Jahrzehnte hinweg in Deutschland. Mit seinen einzigartigen Kompositionen, die klare<span>&#8230;<\/span><\/p>\n","protected":false},"author":3,"featured_media":2082,"comment_status":"closed","ping_status":"closed","sticky":false,"template":"","format":"standard","meta":{"footnotes":""},"categories":[1],"tags":[],"class_list":["post-2080","post","type-post","status-publish","format-standard","has-post-thumbnail","hentry","category-blog"],"_links":{"self":[{"href":"https:\/\/www.broehan-museum.de\/broehan-blog\/wp-json\/wp\/v2\/posts\/2080","targetHints":{"allow":["GET"]}}],"collection":[{"href":"https:\/\/www.broehan-museum.de\/broehan-blog\/wp-json\/wp\/v2\/posts"}],"about":[{"href":"https:\/\/www.broehan-museum.de\/broehan-blog\/wp-json\/wp\/v2\/types\/post"}],"author":[{"embeddable":true,"href":"https:\/\/www.broehan-museum.de\/broehan-blog\/wp-json\/wp\/v2\/users\/3"}],"replies":[{"embeddable":true,"href":"https:\/\/www.broehan-museum.de\/broehan-blog\/wp-json\/wp\/v2\/comments?post=2080"}],"version-history":[{"count":2,"href":"https:\/\/www.broehan-museum.de\/broehan-blog\/wp-json\/wp\/v2\/posts\/2080\/revisions"}],"predecessor-version":[{"id":2249,"href":"https:\/\/www.broehan-museum.de\/broehan-blog\/wp-json\/wp\/v2\/posts\/2080\/revisions\/2249"}],"wp:featuredmedia":[{"embeddable":true,"href":"https:\/\/www.broehan-museum.de\/broehan-blog\/wp-json\/wp\/v2\/media\/2082"}],"wp:attachment":[{"href":"https:\/\/www.broehan-museum.de\/broehan-blog\/wp-json\/wp\/v2\/media?parent=2080"}],"wp:term":[{"taxonomy":"category","embeddable":true,"href":"https:\/\/www.broehan-museum.de\/broehan-blog\/wp-json\/wp\/v2\/categories?post=2080"},{"taxonomy":"post_tag","embeddable":true,"href":"https:\/\/www.broehan-museum.de\/broehan-blog\/wp-json\/wp\/v2\/tags?post=2080"}],"curies":[{"name":"wp","href":"https:\/\/api.w.org\/{rel}","templated":true}]}}